[{"@context":"https:\/\/schema.org\/","@type":"Article","@id":"https:\/\/www.orfest.cz\/ktere-produkty-pecujici-kosmetiky-by-nemely-chybet-v-koupelne-kazde-zeny\/#Article","mainEntityOfPage":"https:\/\/www.orfest.cz\/ktere-produkty-pecujici-kosmetiky-by-nemely-chybet-v-koupelne-kazde-zeny\/","headline":"Kter\u00e9 produkty pe\u010duj\u00edc\u00ed kosmetiky by nem\u011bly chyb\u011bt v koupeln\u011b ka\u017ed\u00e9 \u017eeny?","name":"Kter\u00e9 produkty pe\u010duj\u00edc\u00ed kosmetiky by nem\u011bly chyb\u011bt v koupeln\u011b ka\u017ed\u00e9 \u017eeny?","description":"Obli\u010dej \u00a0 \u00a0 \u00b7\u00a0\u00a0\u00a0\u00a0\u00a0\u00a0\u00a0\u00a0 Micel\u00e1rn\u00ed voda\u2013 tak se \u0159\u00edk\u00e1 mal\u00e9mu z\u00e1zraku, kter\u00fd si \u017eenskou p\u0159\u00edze\u0148 z\u00edskal ji\u017e p\u0159ed n\u011bjakou dobou. &hellip; ","datePublished":"2023-05-05","dateModified":"2023-05-05","author":{"@type":"Person","@id":"https:\/\/www.orfest.cz\/author\/devene\/#Person","name":"orfest.cz","url":"https:\/\/www.orfest.cz\/author\/devene\/","identifier":1,"image":{"@type":"ImageObject","@id":"https:\/\/secure.gravatar.com\/avatar\/046c8368865b87ac6ea06cde0e0a80b91304a43fe31de210702ad59bbd9a1974?s=96&d=mm&r=g","url":"https:\/\/secure.gravatar.com\/avatar\/046c8368865b87ac6ea06cde0e0a80b91304a43fe31de210702ad59bbd9a1974?s=96&d=mm&r=g","height":96,"width":96}},"publisher":{"@type":"Organization","name":"orfest.cz","logo":{"@type":"ImageObject","@id":"\/logo.png","url":"\/logo.png","width":600,"height":60}},"image":{"@type":"ImageObject","@id":"https:\/\/www.orfest.cz\/wp-content\/uploads\/img_a318480_w2371_t1529350629.jpg","url":"https:\/\/www.orfest.cz\/wp-content\/uploads\/img_a318480_w2371_t1529350629.jpg","height":0,"width":0},"url":"https:\/\/www.orfest.cz\/ktere-produkty-pecujici-kosmetiky-by-nemely-chybet-v-koupelne-kazde-zeny\/","about":["Produkty"],"wordCount":692,"articleBody":"\tObli\u010dej\u00a0\u00a0\u00b7\u00a0\u00a0\u00a0\u00a0\u00a0\u00a0\u00a0\u00a0 Micel\u00e1rn\u00ed voda\u2013 tak se \u0159\u00edk\u00e1 mal\u00e9mu z\u00e1zraku, kter\u00fd si \u017eenskou p\u0159\u00edze\u0148 z\u00edskal ji\u017e p\u0159ed n\u011bjakou dobou. Obsahuje micely, kter\u00e9 nejen nas\u00e1vaj\u00ed ne\u010distoty z\u00a0hloubky pleti, ale tak\u00e9 perfektn\u011b odl\u00ed\u010d\u00ed jak o\u010di, tak ple\u0165 nebo rty a dekolt. Odl\u00ed\u010den\u00ed je z\u00e1klad a rozhodn\u011b bychom na n\u011bj nem\u011bli zapom\u00ednat. Micel\u00e1rn\u00ed voda se pou\u017e\u00edv\u00e1 jak ve\u010der, tak r\u00e1no, proto\u017ee z\u00a0n\u00e1s smyje po r\u00e1nu ne\u010distoty, kter\u00e9 se na n\u00e1s p\u0159es noc nalepily, a dod\u00e1 n\u00e1m osv\u011b\u017euj\u00edc\u00ed pocit.\u00b7\u00a0\u00a0\u00a0\u00a0\u00a0\u00a0\u00a0\u00a0 \u010cist\u00edc\u00ed gelnebo peeling \u2013 po odl\u00ed\u010den\u00ed je dobr\u00e9 ple\u0165 vy\u010distit produktem, kter\u00fd \u010dist\u00ed je\u0161t\u011b v\u00edce hloubkov\u011b, pou\u017e\u00edt m\u016f\u017eeme bu\u010f \u010dist\u00edc\u00ed gel nebo peeling. Z\u00a0pleti dostane v\u0161echny ne\u010distoty, ke kter\u00fdm se micely nedostaly. Op\u011bt m\u00e1 v\u011bt\u0161inou osv\u011b\u017euj\u00edc\u00ed a\u017e mentolov\u00fd n\u00e1dech, ale pou\u017e\u00edv\u00e1 se jen ve\u010der. Ple\u0165 nen\u00ed nutn\u00e9 takto hloubkov\u011b \u010distit ka\u017ed\u00fd den, i kdy\u017e j\u00ed to neu\u0161kod\u00ed, p\u0159esto sta\u010d\u00ed vy\u010distit 2x-3x do t\u00fddne. \u010cist\u00edc\u00ed gel je hlad\u0161\u00ed, a peeling obsahuje p\u00edskovit\u00e9 \u010d\u00e1sti, kter\u00e9 tv\u00e1\u0159 kr\u00e1sn\u011b promas\u00edruj\u00ed. Je jen na v\u00e1s, kter\u00e1 varianta v\u00e1m bude nejv\u00edce vyhovovat.\u00b7\u00a0\u00a0\u00a0\u00a0\u00a0\u00a0\u00a0\u00a0 Ple\u0165ov\u00e1 maska\u2013 pova\u017euje se za nejen velice \u00fa\u010dinn\u011b \u010dist\u00edc\u00ed, ale tak\u00e9 velmi relaxuj\u00edc\u00ed produkt. Aplikuj\u00ed se obvykle jednou do t\u00fddne, pokud chceme, m\u016f\u017eeme i v\u00edcekr\u00e1t, ale nen\u00ed to nezbytn\u011b nutn\u00e9. Vyr\u00e1b\u011bj\u00ed se kr\u00e9mov\u00e9, nebo ji\u017e ve tvaru obli\u010deje, kter\u00e9 jen na tv\u00e1\u0159 p\u0159ilo\u017e\u00edme. Masky vyb\u00edr\u00e1me, stejn\u011b jako v\u0161echny produkty, podle stavu na\u0161\u00ed pleti a aby n\u00e1m sp\u00ed\u0161e neu\u0161kodila. Na mastnou ple\u0165 si nekoup\u00edme masku vyrobenou pro velmi suchou ple\u0165.\u00b7\u00a0\u00a0\u00a0\u00a0\u00a0\u00a0\u00a0\u00a0 Kr\u00e9m\u2013 a beauty proceduru zakon\u010d\u00edme kr\u00e9mem, kter\u00fd n\u00e1m ple\u0165 kr\u00e1sn\u011b zvl\u00e1\u010dn\u00ed. Nap\u0159\u00edklad no\u010dn\u00ed kr\u00e9m nan\u00e1\u0161\u00edme ve\u010der, kter\u00fd se p\u0159es noc vst\u0159eb\u00e1, a po r\u00e1nu je na\u0161e ple\u0165 kr\u00e1sn\u011b vl\u00e1\u010dn\u00e1 a hebk\u00e1. Denn\u00ed kr\u00e9m nan\u00e1\u0161\u00edme r\u00e1no po vy\u010di\u0161t\u011bn\u00ed pleti, ten zaji\u0161\u0165uje jej\u00ed ochranu a hebkost po cel\u00fd den.\u00a0\u00a0\tVlasy\u00a0\u00a0\u00b7\u00a0\u00a0\u00a0\u00a0\u00a0\u00a0\u00a0\u00a0 Spr\u00e1vn\u00fd \u0161ampon a kondicion\u00e9r \u2013 asi z\u00e1kladn\u00ed v\u00fdbava vlasov\u00e9 kosmetiky, kterou m\u00e1me doma ka\u017ed\u00e1. Je n\u00e1m ale k\u00a0ni\u010demu, pokud sv\u00e9 vlasy nezn\u00e1me. Mus\u00edme nejprve zjistit, kter\u00fd druh \u0161amponu n\u00e1m bude vyhovovat a bude m\u00edt na n\u011b pozitivn\u00ed \u00fa\u010dinky.\u00b7\u00a0\u00a0\u00a0\u00a0\u00a0\u00a0\u00a0\u00a0 Maska na vlasy\u2013 stejn\u011b jako ple\u0165ov\u00e1 maska, ani vlasov\u00e1 nen\u00ed vhodn\u00e1 pou\u017e\u00edvat ka\u017ed\u00fd den, op\u011bt bychom ji m\u011bli aplikovat jednou t\u00fddn\u011b, v\u00a0p\u0159\u00edpad\u011b, \u017ee ji budeme pou\u017e\u00edvat \u010dast\u011bji, m\u016f\u017ee vlas\u016fm sp\u00ed\u0161e u\u0161kodit a vysu\u0161ovat je. Nejlep\u0161\u00ed je, vybrat si masku od stejn\u00e9 \u0159ady jako \u0161ampon a kondicion\u00e9r, nen\u00ed to ale nezbytn\u011b nutn\u00e9.\u00b7\u00a0\u00a0\u00a0\u00a0\u00a0\u00a0\u00a0\u00a0 Dal\u0161\u00ed p\u00e9\u010de \u2013 po umyt\u00ed vlas\u016f je vhodn\u00e9 nan\u00e9st olej\u00ed\u010dek, \u010di n\u011bjakou jinou p\u00e9\u010di proti rozt\u0159epen\u00fdm kone\u010dk\u016fm nebo na podporu r\u016fstu.\u00a0\u00a0\tT\u011blo\u00a0\u00a0\u00b7\u00a0\u00a0\u00a0\u00a0\u00a0\u00a0\u00a0\u00a0 T\u011blov\u00e9 ml\u00e9konebo m\u00e1slo \u2013 a\u0165 u\u017e do sprchy nebo na suchou poko\u017eku, nem\u011bli bychom zapom\u00ednat, \u017ee tak\u00e9 na\u0161e poko\u017eka pot\u0159ebuje hydrataci. Pou\u017eit\u00ed t\u011blov\u00e9ho ml\u00e9ka je vhodn\u00e9 ka\u017ed\u00fd ve\u010der po koup\u00e1n\u00ed. P\u016fsob\u00ed proti vysu\u0161ov\u00e1n\u00ed poko\u017eky, aby z\u016fstala hebk\u00e1 a vl\u00e1\u010dn\u00e1. Z\u00e1rove\u0148 v\u00a0ur\u010dit\u00e9 m\u00ed\u0159e zabra\u0148uje vzniku celulitidy.\u00b7\u00a0\u00a0\u00a0\u00a0\u00a0\u00a0\u00a0\u00a0 Deodorant\u2013 produkt, kter\u00fd bychom m\u011bly nosit neust\u00e1le u sebe, p\u0159ev\u00e1\u017en\u011b v\u00a0t\u011bchto hork\u00fdch dnech, kdy se pot\u00edme ve v\u011bt\u0161\u00ed m\u00ed\u0159e ne\u017e norm\u00e1ln\u011b. Je z\u00e1rove\u0148 vhodn\u00fd r\u00e1no a ve\u010der jako prevence proti pocen\u00ed.\u00b7\u00a0\u00a0\u00a0\u00a0\u00a0\u00a0\u00a0\u00a0 T\u011blov\u00fd peeling \u2013 stejn\u011b jako ple\u0165, i t\u011blo pot\u0159ebuje jednou za \u010das vy\u010distit v\u00edce ne\u017e sprchov\u00fdm gelem. Aplikuje se stejn\u00fdm zp\u016fsobem, jako peeling ple\u0165ov\u00fd. Poko\u017eku \u010dist\u00edme nejl\u00e9pe jednou t\u00fddn\u011b.                                                                                                                                                                                                                                                                                                                                                                                        4.5\/5 - (8 votes)        "},{"@context":"https:\/\/schema.org\/","@type":"BreadcrumbList","itemListElement":[{"@type":"ListItem","position":1,"name":"Kter\u00e9 produkty pe\u010duj\u00edc\u00ed kosmetiky by nem\u011bly chyb\u011bt v koupeln\u011b ka\u017ed\u00e9 \u017eeny?","item":"https:\/\/www.orfest.cz\/ktere-produkty-pecujici-kosmetiky-by-nemely-chybet-v-koupelne-kazde-zeny\/#breadcrumbitem"}]}]