[{"@context":"https:\/\/schema.org\/","@type":"Article","@id":"https:\/\/www.orfest.cz\/ekologicke-obalove-materialy\/#Article","mainEntityOfPage":"https:\/\/www.orfest.cz\/ekologicke-obalove-materialy\/","headline":"Ekologick\u00e9 obalov\u00e9 materi\u00e1ly","name":"Ekologick\u00e9 obalov\u00e9 materi\u00e1ly","description":"Ekologie nem\u00e1 b\u00fdt jen pr\u00e1zdn\u00e9 slovo, m\u011blo by se jednat o \u017eivotn\u00ed styl a p\u0159\u00edstup k sob\u011b sama, k ostatn\u00edm &hellip; ","datePublished":"2025-01-11","dateModified":"2025-01-11","author":{"@type":"Person","@id":"https:\/\/www.orfest.cz\/author\/devene\/#Person","name":"orfest.cz","url":"https:\/\/www.orfest.cz\/author\/devene\/","identifier":1,"image":{"@type":"ImageObject","@id":"https:\/\/secure.gravatar.com\/avatar\/046c8368865b87ac6ea06cde0e0a80b91304a43fe31de210702ad59bbd9a1974?s=96&d=mm&r=g","url":"https:\/\/secure.gravatar.com\/avatar\/046c8368865b87ac6ea06cde0e0a80b91304a43fe31de210702ad59bbd9a1974?s=96&d=mm&r=g","height":96,"width":96}},"publisher":{"@type":"Organization","name":"orfest.cz","logo":{"@type":"ImageObject","@id":"\/logo.png","url":"\/logo.png","width":600,"height":60}},"image":{"@type":"ImageObject","@id":"https:\/\/www.orfest.cz\/wp-content\/uploads\/package-2366468_640_10_10_1.jpg","url":"https:\/\/www.orfest.cz\/wp-content\/uploads\/package-2366468_640_10_10_1.jpg","height":0,"width":0},"url":"https:\/\/www.orfest.cz\/ekologicke-obalove-materialy\/","about":["Produkty"],"wordCount":417,"articleBody":"        Ekologie nem\u00e1 b\u00fdt jen pr\u00e1zdn\u00e9 slovo, m\u011blo by se jednat o \u017eivotn\u00ed styl a p\u0159\u00edstup k sob\u011b sama, k ostatn\u00edm lidem a k cel\u00e9 planet\u011b. \u0158\u00edk\u00e1 se, \u017ee jsme tu na jedn\u00e9 lodn\u00ed palub\u011b, a kdy\u017e se budou k\u00e1cet amazonsk\u00e9 pralesy, zas\u00e1hne to nejen Amazonii, ale celou planetu. Stejn\u011b tak to ale plat\u00ed pro v\u00e1le\u010dn\u00e9 konflikty, hladomor a dal\u0161\u00ed negativn\u00ed jevy. M\u011bli bychom si navz\u00e1jem pom\u00e1hat, uv\u011bdomit si, \u017ee v\u0161ichni lid\u00e9 jsou si rovni, ka\u017ed\u00fd \u010dlov\u011bk m\u00e1 v sob\u011b nesmrtelnou du\u0161i \u2013 bo\u017eskou jiskru a nikdo tak\u00e9 nem\u00e1 pr\u00e1vo nikomu ubli\u017eovat, ub\u00edrat mu svobodnou v\u016fli a diktovat mu sv\u00e9 podm\u00ednky.Kdy\u017e se budeme ohledupln\u011b chovat jeden k druh\u00e9mu, je jen mal\u00fd kr\u016f\u010dek k ohleduplnosti v\u016f\u010di \u017eivotn\u00edmu prost\u0159ed\u00ed \u2013 na\u0161\u00ed planet\u011b. T\u00fdk\u00e1 se to i obalov\u00fdch materi\u00e1l\u016f, s nimi\u017e odes\u00edl\u00e1me z\u00e1kazn\u00edk\u016fm zbo\u017e\u00ed objednan\u00e9 v e-shopech. V\u011bt\u0161ina z v\u00e1s bude z\u0159ejm\u011b dob\u0159e zn\u00e1t bublinkovou f\u00f3lii, do t\u00e9 lze zabalit spoustu v\u011bc\u00ed, od skla a porcel\u00e1nu a\u017e po d\u0159evo, plasty a kov. Balen\u00ed do bublinkov\u00e9 f\u00f3lie je velmi efektivn\u00ed, jen\u017ee je z toho tak\u00e9 mnoho odpadu. K v\u00fdrob\u011b polyetylenu je zapot\u0159eb\u00ed krom\u011b celul\u00f3zy tak\u00e9 ropa, uhl\u00ed a zemn\u00ed plyn, a to jsou slo\u017eky bohatstv\u00ed na\u0161\u00ed zem\u011b, tzv. neobnoviteln\u00e9 zdroje. M\u011bli bychom neobnoviteln\u00e9 zdroje \u0161et\u0159it a vyu\u017e\u00edvat naopak obnoviteln\u00fdch zdroj\u016f, kam pat\u0159\u00ed d\u0159evo \u2013 celul\u00f3za a pap\u00edr.P\u0159i v\u00fdrob\u011b pap\u00edru vysta\u010d\u00edme s nekvalitn\u00edm d\u0159evem z polom\u016f, v\u00fdvrat\u016f, z pro\u0159ezan\u00fdch strom\u016f nebo d\u0159evin napaden\u00fdch k\u016frovcem, nebo jen hoblinami a pilinami, tak\u017ee nemus\u00ed kv\u016fli tomu padnout zdrav\u00e9 a \u017eiv\u00e9 stromy. Nav\u00edc lze pap\u00edr dob\u0159e recyklovat a k v\u00fdrob\u011b recyklovan\u00e9ho pap\u00edru ji\u017e d\u0159evo nepot\u0159ebujeme. Toto je dobr\u00fdm d\u016fvodem nahradit plastovou bublinkovou f\u00f3lii nap\u0159\u00edklad kdy\u017e u\u017e plastem, tak vzduchov\u00fdmi v\u00fdpl\u0148ov\u00fdmi pol\u0161t\u00e1\u0159ky anebo kraftov\u00fdm pap\u00edrem, kter\u00fd se vyr\u00e1b\u00ed velmi \u0161etrn\u00fdm zp\u016fsobem, lze jej tak\u00e9 recyklovat a je to pro \u017eivotn\u00ed prost\u0159ed\u00ed opravdu minim\u00e1ln\u00ed z\u00e1t\u011b\u017e. Sta\u010d\u00ed se jen o tuto problematiku v\u00edce zaj\u00edmat a m\u00edt dobrou v\u016fli zachovat na\u0161i planetu i pro budouc\u00ed generace.                                                                                                                                                                                                                                                                                                                                                                                          3.6\/5 - (12 votes)        "},{"@context":"https:\/\/schema.org\/","@type":"BreadcrumbList","itemListElement":[{"@type":"ListItem","position":1,"name":"Ekologick\u00e9 obalov\u00e9 materi\u00e1ly","item":"https:\/\/www.orfest.cz\/ekologicke-obalove-materialy\/#breadcrumbitem"}]}]